{"id":705,"date":"2025-12-06T23:26:57","date_gmt":"2025-12-06T22:26:57","guid":{"rendered":"https:\/\/ige-edigraphic.fr\/?p=705"},"modified":"2025-12-07T00:41:05","modified_gmt":"2025-12-06T23:41:05","slug":"fermeture-noel-2025","status":"publish","type":"post","link":"https:\/\/ige-edigraphic.fr\/index.php\/2025\/12\/06\/fermeture-noel-2025\/","title":{"rendered":"FERMETURE NO\u00cbL 2025\/26"},"content":{"rendered":"\n<p>Votre imprimerie <strong>IGE Edigraphic<\/strong> tient \u00e0 vous informer qu&#8217;elle sera ferm\u00e9e pour les F\u00eates de fin d&#8217;ann\u00e9e 2025 du :<\/p>\n\n\n\n<h3 class=\"has-text-align-center\"><strong>Vendredi 19 d\u00e9cembre 2025 \u00e0 12H<\/strong> <strong>jusqu&#8217;au Lundi 5 Janvier 202<\/strong>6<\/h3>\n\n\n\n<p>Veuillez vous y prendre \u00e0 l&#8217;avance pour des demandes \u00e9ventuelles d&#8217;impression afin d&#8217;\u00eatre livr\u00e9 dans les temps&#8230;<\/p>\n\n\n\n<p class=\"has-vivid-cyan-blue-color has-text-color\">Pour plus d&#8217;informations, n&#8217;h\u00e9sitez pas \u00e0 nous contacter au <strong>05 45 85 35 67<\/strong> ou par mail <strong>edigraphic16@orange.fr<\/strong>.<\/p>\n","protected":false},"excerpt":{"rendered":"<p>Votre imprimerie IGE Edigraphic tient \u00e0 vous informer qu&#8217;elle sera ferm\u00e9e pour les F\u00eates de fin d&#8217;ann\u00e9e 2025 du : Vendredi 19 d\u00e9cembre 2025 \u00e0 12H jusqu&#8217;au Lundi 5 Janvier 2026 Veuillez vous y prendre \u00e0 l&#8217;avance pour des demandes \u00e9ventuelles d&#8217;impression afin d&#8217;\u00eatre livr\u00e9 dans les temps&#8230; Pour plus d&#8217;informations, n&#8217;h\u00e9sitez pas \u00e0 nous&#8230; <\/p>\n","protected":false},"author":1,"featured_media":707,"comment_status":"open","ping_status":"open","sticky":false,"template":"","format":"standard","meta":[],"categories":[15],"tags":[],"yoast_head":"<!-- This site is optimized with the Yoast SEO plugin v18.3 - https:\/\/yoast.com\/wordpress\/plugins\/seo\/ -->\n<title>FERMETURE NO\u00cbL 2025\/26 &bull; IGE EDIGRAPHIC - Imprimerie Confolens Nontron<\/title>\n<meta name=\"description\" content=\"L&#039;imprimerie sera ferm\u00e9e du vendredi 19 d\u00e9cembre \u00e0 midi jusqu&#039;au Lundi 5 Janvier 2026. Plus de renseignements...\" \/>\n<meta name=\"robots\" content=\"index, follow, max-snippet:-1, max-image-preview:large, max-video-preview:-1\" \/>\n<link rel=\"canonical\" href=\"https:\/\/ige-edigraphic.fr\/index.php\/2025\/12\/06\/fermeture-noel-2025\/\" \/>\n<meta property=\"og:locale\" content=\"fr_FR\" \/>\n<meta property=\"og:type\" content=\"article\" \/>\n<meta property=\"og:title\" content=\"FERMETURE NO\u00cbL 2025\/26 &bull; IGE EDIGRAPHIC - Imprimerie Confolens Nontron\" \/>\n<meta property=\"og:description\" content=\"L&#039;imprimerie sera ferm\u00e9e du vendredi 19 d\u00e9cembre \u00e0 midi jusqu&#039;au Lundi 5 Janvier 2026. Plus de renseignements...\" \/>\n<meta property=\"og:url\" content=\"https:\/\/ige-edigraphic.fr\/index.php\/2025\/12\/06\/fermeture-noel-2025\/\" \/>\n<meta property=\"og:site_name\" content=\"IGE EDIGRAPHIC - Imprimerie Confolens Nontron\" \/>\n<meta property=\"article:published_time\" content=\"2025-12-06T22:26:57+00:00\" \/>\n<meta property=\"article:modified_time\" content=\"2025-12-06T23:41:05+00:00\" \/>\n<meta property=\"og:image\" content=\"https:\/\/ige-edigraphic.fr\/wp-content\/uploads\/2025\/12\/edigraphic_noel25-1024x662.png\" \/>\n\t<meta property=\"og:image:width\" content=\"1024\" \/>\n\t<meta property=\"og:image:height\" content=\"662\" \/>\n\t<meta property=\"og:image:type\" content=\"image\/png\" \/>\n<meta name=\"twitter:card\" content=\"summary_large_image\" \/>\n<meta name=\"twitter:label1\" content=\"\u00c9crit par\" \/>\n\t<meta name=\"twitter:data1\" content=\"Mr. Goursaud\" \/>\n\t<meta name=\"twitter:label2\" content=\"Dur\u00e9e de lecture estim\u00e9e\" \/>\n\t<meta name=\"twitter:data2\" content=\"1 minute\" \/>\n<script type=\"application\/ld+json\" class=\"yoast-schema-graph\">{\"@context\":\"https:\/\/schema.org\",\"@graph\":[{\"@type\":\"Organization\",\"@id\":\"https:\/\/ige-edigraphic.fr\/#organization\",\"name\":\"IGE Edigraphic\",\"url\":\"https:\/\/ige-edigraphic.fr\/\",\"sameAs\":[],\"logo\":{\"@type\":\"ImageObject\",\"@id\":\"https:\/\/ige-edigraphic.fr\/#logo\",\"inLanguage\":\"fr-FR\",\"url\":\"https:\/\/ige-edigraphic.fr\/wp-content\/uploads\/2019\/01\/encart_noir2_650.png\",\"contentUrl\":\"https:\/\/ige-edigraphic.fr\/wp-content\/uploads\/2019\/01\/encart_noir2_650.png\",\"width\":650,\"height\":164,\"caption\":\"IGE Edigraphic\"},\"image\":{\"@id\":\"https:\/\/ige-edigraphic.fr\/#logo\"}},{\"@type\":\"WebSite\",\"@id\":\"https:\/\/ige-edigraphic.fr\/#website\",\"url\":\"https:\/\/ige-edigraphic.fr\/\",\"name\":\"IGE EDIGRAPHIC - Imprimerie Confolens Nontron\",\"description\":\"Imprimerie Confolens - Nontron\",\"publisher\":{\"@id\":\"https:\/\/ige-edigraphic.fr\/#organization\"},\"potentialAction\":[{\"@type\":\"SearchAction\",\"target\":{\"@type\":\"EntryPoint\",\"urlTemplate\":\"https:\/\/ige-edigraphic.fr\/?s={search_term_string}\"},\"query-input\":\"required name=search_term_string\"}],\"inLanguage\":\"fr-FR\"},{\"@type\":\"ImageObject\",\"@id\":\"https:\/\/ige-edigraphic.fr\/index.php\/2025\/12\/06\/fermeture-noel-2025\/#primaryimage\",\"inLanguage\":\"fr-FR\",\"url\":\"https:\/\/ige-edigraphic.fr\/wp-content\/uploads\/2025\/12\/edigraphic_noel25.png\",\"contentUrl\":\"https:\/\/ige-edigraphic.fr\/wp-content\/uploads\/2025\/12\/edigraphic_noel25.png\",\"width\":12196,\"height\":7885},{\"@type\":\"WebPage\",\"@id\":\"https:\/\/ige-edigraphic.fr\/index.php\/2025\/12\/06\/fermeture-noel-2025\/#webpage\",\"url\":\"https:\/\/ige-edigraphic.fr\/index.php\/2025\/12\/06\/fermeture-noel-2025\/\",\"name\":\"FERMETURE NO\u00cbL 2025\/26 &bull; IGE EDIGRAPHIC - Imprimerie Confolens Nontron\",\"isPartOf\":{\"@id\":\"https:\/\/ige-edigraphic.fr\/#website\"},\"primaryImageOfPage\":{\"@id\":\"https:\/\/ige-edigraphic.fr\/index.php\/2025\/12\/06\/fermeture-noel-2025\/#primaryimage\"},\"datePublished\":\"2025-12-06T22:26:57+00:00\",\"dateModified\":\"2025-12-06T23:41:05+00:00\",\"description\":\"L'imprimerie sera ferm\u00e9e du vendredi 19 d\u00e9cembre \u00e0 midi jusqu'au Lundi 5 Janvier 2026. Plus de renseignements...\",\"breadcrumb\":{\"@id\":\"https:\/\/ige-edigraphic.fr\/index.php\/2025\/12\/06\/fermeture-noel-2025\/#breadcrumb\"},\"inLanguage\":\"fr-FR\",\"potentialAction\":[{\"@type\":\"ReadAction\",\"target\":[\"https:\/\/ige-edigraphic.fr\/index.php\/2025\/12\/06\/fermeture-noel-2025\/\"]}]},{\"@type\":\"BreadcrumbList\",\"@id\":\"https:\/\/ige-edigraphic.fr\/index.php\/2025\/12\/06\/fermeture-noel-2025\/#breadcrumb\",\"itemListElement\":[{\"@type\":\"ListItem\",\"position\":1,\"name\":\"Accueil\",\"item\":\"https:\/\/ige-edigraphic.fr\/\"},{\"@type\":\"ListItem\",\"position\":2,\"name\":\"FERMETURE NO\u00cbL 2025\/26\"}]},{\"@type\":\"Article\",\"@id\":\"https:\/\/ige-edigraphic.fr\/index.php\/2025\/12\/06\/fermeture-noel-2025\/#article\",\"isPartOf\":{\"@id\":\"https:\/\/ige-edigraphic.fr\/index.php\/2025\/12\/06\/fermeture-noel-2025\/#webpage\"},\"author\":{\"@id\":\"https:\/\/ige-edigraphic.fr\/#\/schema\/person\/87becd8477b8b14a7130a870bbdf8692\"},\"headline\":\"FERMETURE NO\u00cbL 2025\/26\",\"datePublished\":\"2025-12-06T22:26:57+00:00\",\"dateModified\":\"2025-12-06T23:41:05+00:00\",\"mainEntityOfPage\":{\"@id\":\"https:\/\/ige-edigraphic.fr\/index.php\/2025\/12\/06\/fermeture-noel-2025\/#webpage\"},\"wordCount\":62,\"commentCount\":0,\"publisher\":{\"@id\":\"https:\/\/ige-edigraphic.fr\/#organization\"},\"image\":{\"@id\":\"https:\/\/ige-edigraphic.fr\/index.php\/2025\/12\/06\/fermeture-noel-2025\/#primaryimage\"},\"thumbnailUrl\":\"https:\/\/ige-edigraphic.fr\/wp-content\/uploads\/2025\/12\/edigraphic_noel25.png\",\"articleSection\":[\"Informations utiles\"],\"inLanguage\":\"fr-FR\",\"potentialAction\":[{\"@type\":\"CommentAction\",\"name\":\"Comment\",\"target\":[\"https:\/\/ige-edigraphic.fr\/index.php\/2025\/12\/06\/fermeture-noel-2025\/#respond\"]}]},{\"@type\":\"Person\",\"@id\":\"https:\/\/ige-edigraphic.fr\/#\/schema\/person\/87becd8477b8b14a7130a870bbdf8692\",\"name\":\"Mr. Goursaud\"}]}<\/script>\n<!-- \/ Yoast SEO plugin. -->","yoast_head_json":{"title":"FERMETURE NO\u00cbL 2025\/26 &bull; IGE EDIGRAPHIC - Imprimerie Confolens Nontron","description":"L'imprimerie sera ferm\u00e9e du vendredi 19 d\u00e9cembre \u00e0 midi jusqu'au Lundi 5 Janvier 2026. Plus de renseignements...","robots":{"index":"index","follow":"follow","max-snippet":"max-snippet:-1","max-image-preview":"max-image-preview:large","max-video-preview":"max-video-preview:-1"},"canonical":"https:\/\/ige-edigraphic.fr\/index.php\/2025\/12\/06\/fermeture-noel-2025\/","og_locale":"fr_FR","og_type":"article","og_title":"FERMETURE NO\u00cbL 2025\/26 &bull; IGE EDIGRAPHIC - Imprimerie Confolens Nontron","og_description":"L'imprimerie sera ferm\u00e9e du vendredi 19 d\u00e9cembre \u00e0 midi jusqu'au Lundi 5 Janvier 2026. Plus de renseignements...","og_url":"https:\/\/ige-edigraphic.fr\/index.php\/2025\/12\/06\/fermeture-noel-2025\/","og_site_name":"IGE EDIGRAPHIC - Imprimerie Confolens Nontron","article_published_time":"2025-12-06T22:26:57+00:00","article_modified_time":"2025-12-06T23:41:05+00:00","og_image":[{"width":1024,"height":662,"url":"https:\/\/ige-edigraphic.fr\/wp-content\/uploads\/2025\/12\/edigraphic_noel25-1024x662.png","type":"image\/png"}],"twitter_card":"summary_large_image","twitter_misc":{"\u00c9crit par":"Mr. Goursaud","Dur\u00e9e de lecture estim\u00e9e":"1 minute"},"schema":{"@context":"https:\/\/schema.org","@graph":[{"@type":"Organization","@id":"https:\/\/ige-edigraphic.fr\/#organization","name":"IGE Edigraphic","url":"https:\/\/ige-edigraphic.fr\/","sameAs":[],"logo":{"@type":"ImageObject","@id":"https:\/\/ige-edigraphic.fr\/#logo","inLanguage":"fr-FR","url":"https:\/\/ige-edigraphic.fr\/wp-content\/uploads\/2019\/01\/encart_noir2_650.png","contentUrl":"https:\/\/ige-edigraphic.fr\/wp-content\/uploads\/2019\/01\/encart_noir2_650.png","width":650,"height":164,"caption":"IGE Edigraphic"},"image":{"@id":"https:\/\/ige-edigraphic.fr\/#logo"}},{"@type":"WebSite","@id":"https:\/\/ige-edigraphic.fr\/#website","url":"https:\/\/ige-edigraphic.fr\/","name":"IGE EDIGRAPHIC - Imprimerie Confolens Nontron","description":"Imprimerie Confolens - Nontron","publisher":{"@id":"https:\/\/ige-edigraphic.fr\/#organization"},"potentialAction":[{"@type":"SearchAction","target":{"@type":"EntryPoint","urlTemplate":"https:\/\/ige-edigraphic.fr\/?s={search_term_string}"},"query-input":"required name=search_term_string"}],"inLanguage":"fr-FR"},{"@type":"ImageObject","@id":"https:\/\/ige-edigraphic.fr\/index.php\/2025\/12\/06\/fermeture-noel-2025\/#primaryimage","inLanguage":"fr-FR","url":"https:\/\/ige-edigraphic.fr\/wp-content\/uploads\/2025\/12\/edigraphic_noel25.png","contentUrl":"https:\/\/ige-edigraphic.fr\/wp-content\/uploads\/2025\/12\/edigraphic_noel25.png","width":12196,"height":7885},{"@type":"WebPage","@id":"https:\/\/ige-edigraphic.fr\/index.php\/2025\/12\/06\/fermeture-noel-2025\/#webpage","url":"https:\/\/ige-edigraphic.fr\/index.php\/2025\/12\/06\/fermeture-noel-2025\/","name":"FERMETURE NO\u00cbL 2025\/26 &bull; IGE EDIGRAPHIC - Imprimerie Confolens Nontron","isPartOf":{"@id":"https:\/\/ige-edigraphic.fr\/#website"},"primaryImageOfPage":{"@id":"https:\/\/ige-edigraphic.fr\/index.php\/2025\/12\/06\/fermeture-noel-2025\/#primaryimage"},"datePublished":"2025-12-06T22:26:57+00:00","dateModified":"2025-12-06T23:41:05+00:00","description":"L'imprimerie sera ferm\u00e9e du vendredi 19 d\u00e9cembre \u00e0 midi jusqu'au Lundi 5 Janvier 2026. Plus de renseignements...","breadcrumb":{"@id":"https:\/\/ige-edigraphic.fr\/index.php\/2025\/12\/06\/fermeture-noel-2025\/#breadcrumb"},"inLanguage":"fr-FR","potentialAction":[{"@type":"ReadAction","target":["https:\/\/ige-edigraphic.fr\/index.php\/2025\/12\/06\/fermeture-noel-2025\/"]}]},{"@type":"BreadcrumbList","@id":"https:\/\/ige-edigraphic.fr\/index.php\/2025\/12\/06\/fermeture-noel-2025\/#breadcrumb","itemListElement":[{"@type":"ListItem","position":1,"name":"Accueil","item":"https:\/\/ige-edigraphic.fr\/"},{"@type":"ListItem","position":2,"name":"FERMETURE NO\u00cbL 2025\/26"}]},{"@type":"Article","@id":"https:\/\/ige-edigraphic.fr\/index.php\/2025\/12\/06\/fermeture-noel-2025\/#article","isPartOf":{"@id":"https:\/\/ige-edigraphic.fr\/index.php\/2025\/12\/06\/fermeture-noel-2025\/#webpage"},"author":{"@id":"https:\/\/ige-edigraphic.fr\/#\/schema\/person\/87becd8477b8b14a7130a870bbdf8692"},"headline":"FERMETURE NO\u00cbL 2025\/26","datePublished":"2025-12-06T22:26:57+00:00","dateModified":"2025-12-06T23:41:05+00:00","mainEntityOfPage":{"@id":"https:\/\/ige-edigraphic.fr\/index.php\/2025\/12\/06\/fermeture-noel-2025\/#webpage"},"wordCount":62,"commentCount":0,"publisher":{"@id":"https:\/\/ige-edigraphic.fr\/#organization"},"image":{"@id":"https:\/\/ige-edigraphic.fr\/index.php\/2025\/12\/06\/fermeture-noel-2025\/#primaryimage"},"thumbnailUrl":"https:\/\/ige-edigraphic.fr\/wp-content\/uploads\/2025\/12\/edigraphic_noel25.png","articleSection":["Informations utiles"],"inLanguage":"fr-FR","potentialAction":[{"@type":"CommentAction","name":"Comment","target":["https:\/\/ige-edigraphic.fr\/index.php\/2025\/12\/06\/fermeture-noel-2025\/#respond"]}]},{"@type":"Person","@id":"https:\/\/ige-edigraphic.fr\/#\/schema\/person\/87becd8477b8b14a7130a870bbdf8692","name":"Mr. Goursaud"}]}},"_links":{"self":[{"href":"https:\/\/ige-edigraphic.fr\/index.php\/wp-json\/wp\/v2\/posts\/705"}],"collection":[{"href":"https:\/\/ige-edigraphic.fr\/index.php\/wp-json\/wp\/v2\/posts"}],"about":[{"href":"https:\/\/ige-edigraphic.fr\/index.php\/wp-json\/wp\/v2\/types\/post"}],"author":[{"embeddable":true,"href":"https:\/\/ige-edigraphic.fr\/index.php\/wp-json\/wp\/v2\/users\/1"}],"replies":[{"embeddable":true,"href":"https:\/\/ige-edigraphic.fr\/index.php\/wp-json\/wp\/v2\/comments?post=705"}],"version-history":[{"count":2,"href":"https:\/\/ige-edigraphic.fr\/index.php\/wp-json\/wp\/v2\/posts\/705\/revisions"}],"predecessor-version":[{"id":710,"href":"https:\/\/ige-edigraphic.fr\/index.php\/wp-json\/wp\/v2\/posts\/705\/revisions\/710"}],"wp:featuredmedia":[{"embeddable":true,"href":"https:\/\/ige-edigraphic.fr\/index.php\/wp-json\/wp\/v2\/media\/707"}],"wp:attachment":[{"href":"https:\/\/ige-edigraphic.fr\/index.php\/wp-json\/wp\/v2\/media?parent=705"}],"wp:term":[{"taxonomy":"category","embeddable":true,"href":"https:\/\/ige-edigraphic.fr\/index.php\/wp-json\/wp\/v2\/categories?post=705"},{"taxonomy":"post_tag","embeddable":true,"href":"https:\/\/ige-edigraphic.fr\/index.php\/wp-json\/wp\/v2\/tags?post=705"}],"curies":[{"name":"wp","href":"https:\/\/api.w.org\/{rel}","templated":true}]}}