{"id":684,"date":"2023-07-05T22:31:41","date_gmt":"2023-07-05T20:31:41","guid":{"rendered":"https:\/\/ige-edigraphic.fr\/?p=684"},"modified":"2023-07-05T22:31:42","modified_gmt":"2023-07-05T20:31:42","slug":"fermeture-estivale","status":"publish","type":"post","link":"https:\/\/ige-edigraphic.fr\/index.php\/2023\/07\/05\/fermeture-estivale\/","title":{"rendered":"FERMETURE ESTIVALE 2023"},"content":{"rendered":"\n<p>Votre imprimerie <strong>IGE Edigraphic<\/strong> tient \u00e0 vous informer qu&#8217;elle sera ferm\u00e9e cet \u00e9t\u00e9 \u00e0 partir du :<\/p>\n\n\n\n<h2 class=\"has-text-align-center has-vivid-red-color has-text-color\"><strong>Jeudi 10 ao\u00fbt \u00e0 16h<\/strong><\/h2>\n\n\n\n<h2 class=\"has-text-align-center has-luminous-vivid-amber-color has-text-color\"><strong>R\u00e9ouverture Lundi 3 Septembre<\/strong> \u00e0 8h<\/h2>\n\n\n\n<p>Veuillez vous y prendre \u00e0 l&#8217;avance pour des demandes \u00e9ventuelles d&#8217;impression afin d&#8217;\u00eatre livr\u00e9 dans les temps&#8230;<\/p>\n\n\n\n<p class=\"has-vivid-cyan-blue-color has-text-color\">Pour plus d&#8217;informations, n&#8217;h\u00e9sitez pas \u00e0 nous contacter au <strong>05 45 85 35 67<\/strong> ou par mail <strong>edigraphic16@orange.fr<\/strong>.<\/p>\n","protected":false},"excerpt":{"rendered":"<p>Votre imprimerie IGE Edigraphic tient \u00e0 vous informer qu&#8217;elle sera ferm\u00e9e cet \u00e9t\u00e9 \u00e0 partir du : Jeudi 10 ao\u00fbt \u00e0 16h R\u00e9ouverture Lundi 3 Septembre \u00e0 8h Veuillez vous y prendre \u00e0 l&#8217;avance pour des demandes \u00e9ventuelles d&#8217;impression afin d&#8217;\u00eatre livr\u00e9 dans les temps&#8230; Pour plus d&#8217;informations, n&#8217;h\u00e9sitez pas \u00e0 nous contacter au 05&#8230; <\/p>\n","protected":false},"author":1,"featured_media":685,"comment_status":"open","ping_status":"open","sticky":false,"template":"","format":"standard","meta":[],"categories":[15],"tags":[],"yoast_head":"<!-- This site is optimized with the Yoast SEO plugin v18.3 - https:\/\/yoast.com\/wordpress\/plugins\/seo\/ -->\n<title>FERMETURE ESTIVALE 2023 &bull; IGE EDIGRAPHIC - Imprimerie Confolens Nontron<\/title>\n<meta name=\"description\" content=\"L&#039;imprimerie sera ferm\u00e9e du vendredi 11 ao\u00fbt jusqu&#039;au lundi 3 septembre 2023 \u00e0 8h pour cong\u00e9s d&#039;\u00e9t\u00e9. Plus de renseignements...\" \/>\n<meta name=\"robots\" content=\"index, follow, max-snippet:-1, max-image-preview:large, max-video-preview:-1\" \/>\n<link rel=\"canonical\" href=\"https:\/\/ige-edigraphic.fr\/index.php\/2023\/07\/05\/fermeture-estivale\/\" \/>\n<meta property=\"og:locale\" content=\"fr_FR\" \/>\n<meta property=\"og:type\" content=\"article\" \/>\n<meta property=\"og:title\" content=\"FERMETURE ESTIVALE 2023 &bull; IGE EDIGRAPHIC - Imprimerie Confolens Nontron\" \/>\n<meta property=\"og:description\" content=\"L&#039;imprimerie sera ferm\u00e9e du vendredi 11 ao\u00fbt jusqu&#039;au lundi 3 septembre 2023 \u00e0 8h pour cong\u00e9s d&#039;\u00e9t\u00e9. Plus de renseignements...\" \/>\n<meta property=\"og:url\" content=\"https:\/\/ige-edigraphic.fr\/index.php\/2023\/07\/05\/fermeture-estivale\/\" \/>\n<meta property=\"og:site_name\" content=\"IGE EDIGRAPHIC - Imprimerie Confolens Nontron\" \/>\n<meta property=\"article:published_time\" content=\"2023-07-05T20:31:41+00:00\" \/>\n<meta property=\"article:modified_time\" content=\"2023-07-05T20:31:42+00:00\" \/>\n<meta property=\"og:image\" content=\"https:\/\/ige-edigraphic.fr\/wp-content\/uploads\/2023\/07\/ete2023.png\" \/>\n\t<meta property=\"og:image:width\" content=\"1000\" \/>\n\t<meta property=\"og:image:height\" content=\"700\" \/>\n\t<meta property=\"og:image:type\" content=\"image\/png\" \/>\n<meta name=\"twitter:card\" content=\"summary_large_image\" \/>\n<meta name=\"twitter:label1\" content=\"\u00c9crit par\" \/>\n\t<meta name=\"twitter:data1\" content=\"Mr. Goursaud\" \/>\n\t<meta name=\"twitter:label2\" content=\"Dur\u00e9e de lecture estim\u00e9e\" \/>\n\t<meta name=\"twitter:data2\" content=\"1 minute\" \/>\n<script type=\"application\/ld+json\" class=\"yoast-schema-graph\">{\"@context\":\"https:\/\/schema.org\",\"@graph\":[{\"@type\":\"Organization\",\"@id\":\"https:\/\/ige-edigraphic.fr\/#organization\",\"name\":\"IGE Edigraphic\",\"url\":\"https:\/\/ige-edigraphic.fr\/\",\"sameAs\":[],\"logo\":{\"@type\":\"ImageObject\",\"@id\":\"https:\/\/ige-edigraphic.fr\/#logo\",\"inLanguage\":\"fr-FR\",\"url\":\"https:\/\/ige-edigraphic.fr\/wp-content\/uploads\/2019\/01\/encart_noir2_650.png\",\"contentUrl\":\"https:\/\/ige-edigraphic.fr\/wp-content\/uploads\/2019\/01\/encart_noir2_650.png\",\"width\":650,\"height\":164,\"caption\":\"IGE Edigraphic\"},\"image\":{\"@id\":\"https:\/\/ige-edigraphic.fr\/#logo\"}},{\"@type\":\"WebSite\",\"@id\":\"https:\/\/ige-edigraphic.fr\/#website\",\"url\":\"https:\/\/ige-edigraphic.fr\/\",\"name\":\"IGE EDIGRAPHIC - Imprimerie Confolens Nontron\",\"description\":\"Imprimerie Confolens - Nontron\",\"publisher\":{\"@id\":\"https:\/\/ige-edigraphic.fr\/#organization\"},\"potentialAction\":[{\"@type\":\"SearchAction\",\"target\":{\"@type\":\"EntryPoint\",\"urlTemplate\":\"https:\/\/ige-edigraphic.fr\/?s={search_term_string}\"},\"query-input\":\"required name=search_term_string\"}],\"inLanguage\":\"fr-FR\"},{\"@type\":\"ImageObject\",\"@id\":\"https:\/\/ige-edigraphic.fr\/index.php\/2023\/07\/05\/fermeture-estivale\/#primaryimage\",\"inLanguage\":\"fr-FR\",\"url\":\"https:\/\/ige-edigraphic.fr\/wp-content\/uploads\/2023\/07\/ete2023.png\",\"contentUrl\":\"https:\/\/ige-edigraphic.fr\/wp-content\/uploads\/2023\/07\/ete2023.png\",\"width\":1000,\"height\":700},{\"@type\":\"WebPage\",\"@id\":\"https:\/\/ige-edigraphic.fr\/index.php\/2023\/07\/05\/fermeture-estivale\/#webpage\",\"url\":\"https:\/\/ige-edigraphic.fr\/index.php\/2023\/07\/05\/fermeture-estivale\/\",\"name\":\"FERMETURE ESTIVALE 2023 &bull; IGE EDIGRAPHIC - Imprimerie Confolens Nontron\",\"isPartOf\":{\"@id\":\"https:\/\/ige-edigraphic.fr\/#website\"},\"primaryImageOfPage\":{\"@id\":\"https:\/\/ige-edigraphic.fr\/index.php\/2023\/07\/05\/fermeture-estivale\/#primaryimage\"},\"datePublished\":\"2023-07-05T20:31:41+00:00\",\"dateModified\":\"2023-07-05T20:31:42+00:00\",\"description\":\"L'imprimerie sera ferm\u00e9e du vendredi 11 ao\u00fbt jusqu'au lundi 3 septembre 2023 \u00e0 8h pour cong\u00e9s d'\u00e9t\u00e9. Plus de renseignements...\",\"breadcrumb\":{\"@id\":\"https:\/\/ige-edigraphic.fr\/index.php\/2023\/07\/05\/fermeture-estivale\/#breadcrumb\"},\"inLanguage\":\"fr-FR\",\"potentialAction\":[{\"@type\":\"ReadAction\",\"target\":[\"https:\/\/ige-edigraphic.fr\/index.php\/2023\/07\/05\/fermeture-estivale\/\"]}]},{\"@type\":\"BreadcrumbList\",\"@id\":\"https:\/\/ige-edigraphic.fr\/index.php\/2023\/07\/05\/fermeture-estivale\/#breadcrumb\",\"itemListElement\":[{\"@type\":\"ListItem\",\"position\":1,\"name\":\"Accueil\",\"item\":\"https:\/\/ige-edigraphic.fr\/\"},{\"@type\":\"ListItem\",\"position\":2,\"name\":\"FERMETURE ESTIVALE 2023\"}]},{\"@type\":\"Article\",\"@id\":\"https:\/\/ige-edigraphic.fr\/index.php\/2023\/07\/05\/fermeture-estivale\/#article\",\"isPartOf\":{\"@id\":\"https:\/\/ige-edigraphic.fr\/index.php\/2023\/07\/05\/fermeture-estivale\/#webpage\"},\"author\":{\"@id\":\"https:\/\/ige-edigraphic.fr\/#\/schema\/person\/87becd8477b8b14a7130a870bbdf8692\"},\"headline\":\"FERMETURE ESTIVALE 2023\",\"datePublished\":\"2023-07-05T20:31:41+00:00\",\"dateModified\":\"2023-07-05T20:31:42+00:00\",\"mainEntityOfPage\":{\"@id\":\"https:\/\/ige-edigraphic.fr\/index.php\/2023\/07\/05\/fermeture-estivale\/#webpage\"},\"wordCount\":58,\"commentCount\":0,\"publisher\":{\"@id\":\"https:\/\/ige-edigraphic.fr\/#organization\"},\"image\":{\"@id\":\"https:\/\/ige-edigraphic.fr\/index.php\/2023\/07\/05\/fermeture-estivale\/#primaryimage\"},\"thumbnailUrl\":\"https:\/\/ige-edigraphic.fr\/wp-content\/uploads\/2023\/07\/ete2023.png\",\"articleSection\":[\"Informations utiles\"],\"inLanguage\":\"fr-FR\",\"potentialAction\":[{\"@type\":\"CommentAction\",\"name\":\"Comment\",\"target\":[\"https:\/\/ige-edigraphic.fr\/index.php\/2023\/07\/05\/fermeture-estivale\/#respond\"]}]},{\"@type\":\"Person\",\"@id\":\"https:\/\/ige-edigraphic.fr\/#\/schema\/person\/87becd8477b8b14a7130a870bbdf8692\",\"name\":\"Mr. Goursaud\"}]}<\/script>\n<!-- \/ Yoast SEO plugin. -->","yoast_head_json":{"title":"FERMETURE ESTIVALE 2023 &bull; IGE EDIGRAPHIC - Imprimerie Confolens Nontron","description":"L'imprimerie sera ferm\u00e9e du vendredi 11 ao\u00fbt jusqu'au lundi 3 septembre 2023 \u00e0 8h pour cong\u00e9s d'\u00e9t\u00e9. Plus de renseignements...","robots":{"index":"index","follow":"follow","max-snippet":"max-snippet:-1","max-image-preview":"max-image-preview:large","max-video-preview":"max-video-preview:-1"},"canonical":"https:\/\/ige-edigraphic.fr\/index.php\/2023\/07\/05\/fermeture-estivale\/","og_locale":"fr_FR","og_type":"article","og_title":"FERMETURE ESTIVALE 2023 &bull; IGE EDIGRAPHIC - Imprimerie Confolens Nontron","og_description":"L'imprimerie sera ferm\u00e9e du vendredi 11 ao\u00fbt jusqu'au lundi 3 septembre 2023 \u00e0 8h pour cong\u00e9s d'\u00e9t\u00e9. Plus de renseignements...","og_url":"https:\/\/ige-edigraphic.fr\/index.php\/2023\/07\/05\/fermeture-estivale\/","og_site_name":"IGE EDIGRAPHIC - Imprimerie Confolens Nontron","article_published_time":"2023-07-05T20:31:41+00:00","article_modified_time":"2023-07-05T20:31:42+00:00","og_image":[{"width":1000,"height":700,"url":"https:\/\/ige-edigraphic.fr\/wp-content\/uploads\/2023\/07\/ete2023.png","type":"image\/png"}],"twitter_card":"summary_large_image","twitter_misc":{"\u00c9crit par":"Mr. Goursaud","Dur\u00e9e de lecture estim\u00e9e":"1 minute"},"schema":{"@context":"https:\/\/schema.org","@graph":[{"@type":"Organization","@id":"https:\/\/ige-edigraphic.fr\/#organization","name":"IGE Edigraphic","url":"https:\/\/ige-edigraphic.fr\/","sameAs":[],"logo":{"@type":"ImageObject","@id":"https:\/\/ige-edigraphic.fr\/#logo","inLanguage":"fr-FR","url":"https:\/\/ige-edigraphic.fr\/wp-content\/uploads\/2019\/01\/encart_noir2_650.png","contentUrl":"https:\/\/ige-edigraphic.fr\/wp-content\/uploads\/2019\/01\/encart_noir2_650.png","width":650,"height":164,"caption":"IGE Edigraphic"},"image":{"@id":"https:\/\/ige-edigraphic.fr\/#logo"}},{"@type":"WebSite","@id":"https:\/\/ige-edigraphic.fr\/#website","url":"https:\/\/ige-edigraphic.fr\/","name":"IGE EDIGRAPHIC - Imprimerie Confolens Nontron","description":"Imprimerie Confolens - Nontron","publisher":{"@id":"https:\/\/ige-edigraphic.fr\/#organization"},"potentialAction":[{"@type":"SearchAction","target":{"@type":"EntryPoint","urlTemplate":"https:\/\/ige-edigraphic.fr\/?s={search_term_string}"},"query-input":"required name=search_term_string"}],"inLanguage":"fr-FR"},{"@type":"ImageObject","@id":"https:\/\/ige-edigraphic.fr\/index.php\/2023\/07\/05\/fermeture-estivale\/#primaryimage","inLanguage":"fr-FR","url":"https:\/\/ige-edigraphic.fr\/wp-content\/uploads\/2023\/07\/ete2023.png","contentUrl":"https:\/\/ige-edigraphic.fr\/wp-content\/uploads\/2023\/07\/ete2023.png","width":1000,"height":700},{"@type":"WebPage","@id":"https:\/\/ige-edigraphic.fr\/index.php\/2023\/07\/05\/fermeture-estivale\/#webpage","url":"https:\/\/ige-edigraphic.fr\/index.php\/2023\/07\/05\/fermeture-estivale\/","name":"FERMETURE ESTIVALE 2023 &bull; IGE EDIGRAPHIC - Imprimerie Confolens Nontron","isPartOf":{"@id":"https:\/\/ige-edigraphic.fr\/#website"},"primaryImageOfPage":{"@id":"https:\/\/ige-edigraphic.fr\/index.php\/2023\/07\/05\/fermeture-estivale\/#primaryimage"},"datePublished":"2023-07-05T20:31:41+00:00","dateModified":"2023-07-05T20:31:42+00:00","description":"L'imprimerie sera ferm\u00e9e du vendredi 11 ao\u00fbt jusqu'au lundi 3 septembre 2023 \u00e0 8h pour cong\u00e9s d'\u00e9t\u00e9. Plus de renseignements...","breadcrumb":{"@id":"https:\/\/ige-edigraphic.fr\/index.php\/2023\/07\/05\/fermeture-estivale\/#breadcrumb"},"inLanguage":"fr-FR","potentialAction":[{"@type":"ReadAction","target":["https:\/\/ige-edigraphic.fr\/index.php\/2023\/07\/05\/fermeture-estivale\/"]}]},{"@type":"BreadcrumbList","@id":"https:\/\/ige-edigraphic.fr\/index.php\/2023\/07\/05\/fermeture-estivale\/#breadcrumb","itemListElement":[{"@type":"ListItem","position":1,"name":"Accueil","item":"https:\/\/ige-edigraphic.fr\/"},{"@type":"ListItem","position":2,"name":"FERMETURE ESTIVALE 2023"}]},{"@type":"Article","@id":"https:\/\/ige-edigraphic.fr\/index.php\/2023\/07\/05\/fermeture-estivale\/#article","isPartOf":{"@id":"https:\/\/ige-edigraphic.fr\/index.php\/2023\/07\/05\/fermeture-estivale\/#webpage"},"author":{"@id":"https:\/\/ige-edigraphic.fr\/#\/schema\/person\/87becd8477b8b14a7130a870bbdf8692"},"headline":"FERMETURE ESTIVALE 2023","datePublished":"2023-07-05T20:31:41+00:00","dateModified":"2023-07-05T20:31:42+00:00","mainEntityOfPage":{"@id":"https:\/\/ige-edigraphic.fr\/index.php\/2023\/07\/05\/fermeture-estivale\/#webpage"},"wordCount":58,"commentCount":0,"publisher":{"@id":"https:\/\/ige-edigraphic.fr\/#organization"},"image":{"@id":"https:\/\/ige-edigraphic.fr\/index.php\/2023\/07\/05\/fermeture-estivale\/#primaryimage"},"thumbnailUrl":"https:\/\/ige-edigraphic.fr\/wp-content\/uploads\/2023\/07\/ete2023.png","articleSection":["Informations utiles"],"inLanguage":"fr-FR","potentialAction":[{"@type":"CommentAction","name":"Comment","target":["https:\/\/ige-edigraphic.fr\/index.php\/2023\/07\/05\/fermeture-estivale\/#respond"]}]},{"@type":"Person","@id":"https:\/\/ige-edigraphic.fr\/#\/schema\/person\/87becd8477b8b14a7130a870bbdf8692","name":"Mr. Goursaud"}]}},"_links":{"self":[{"href":"https:\/\/ige-edigraphic.fr\/index.php\/wp-json\/wp\/v2\/posts\/684"}],"collection":[{"href":"https:\/\/ige-edigraphic.fr\/index.php\/wp-json\/wp\/v2\/posts"}],"about":[{"href":"https:\/\/ige-edigraphic.fr\/index.php\/wp-json\/wp\/v2\/types\/post"}],"author":[{"embeddable":true,"href":"https:\/\/ige-edigraphic.fr\/index.php\/wp-json\/wp\/v2\/users\/1"}],"replies":[{"embeddable":true,"href":"https:\/\/ige-edigraphic.fr\/index.php\/wp-json\/wp\/v2\/comments?post=684"}],"version-history":[{"count":1,"href":"https:\/\/ige-edigraphic.fr\/index.php\/wp-json\/wp\/v2\/posts\/684\/revisions"}],"predecessor-version":[{"id":686,"href":"https:\/\/ige-edigraphic.fr\/index.php\/wp-json\/wp\/v2\/posts\/684\/revisions\/686"}],"wp:featuredmedia":[{"embeddable":true,"href":"https:\/\/ige-edigraphic.fr\/index.php\/wp-json\/wp\/v2\/media\/685"}],"wp:attachment":[{"href":"https:\/\/ige-edigraphic.fr\/index.php\/wp-json\/wp\/v2\/media?parent=684"}],"wp:term":[{"taxonomy":"category","embeddable":true,"href":"https:\/\/ige-edigraphic.fr\/index.php\/wp-json\/wp\/v2\/categories?post=684"},{"taxonomy":"post_tag","embeddable":true,"href":"https:\/\/ige-edigraphic.fr\/index.php\/wp-json\/wp\/v2\/tags?post=684"}],"curies":[{"name":"wp","href":"https:\/\/api.w.org\/{rel}","templated":true}]}}